{"id":7840,"date":"2017-07-04T11:20:57","date_gmt":"2017-07-04T08:20:57","guid":{"rendered":"https:\/\/alshamfoundation.com\/?p=7840"},"modified":"2026-03-17T02:02:20","modified_gmt":"2026-03-16T23:02:20","slug":"22ogrencisi-ile-insani-sam-dernegi-istanbuldaki-ilk-calisma-programini-yururluge-koyuyor","status":"publish","type":"post","link":"https:\/\/ahf.ngo\/tr\/2017\/07\/04\/22ogrencisi-ile-insani-sam-dernegi-istanbuldaki-ilk-calisma-programini-yururluge-koyuyor\/","title":{"rendered":"22\u00f6\u011frencisi ile \u0130nsani \u015eam Derne\u011fi \u0130stanbul\u2019daki ilk \u00e7al\u0131\u015fma program\u0131n\u0131 y\u00fcr\u00fcrl\u00fc\u011fe koyuyor"},"content":{"rendered":"<div class=\"fusion-converted-row\" style=\"display:flex;flex-wrap:wrap;gap:20px;\">\nSuriye\u2019nin merkezinden t\u0131p alan\u0131nda 22 \u00f6\u011frencinin kat\u0131l\u0131m\u0131 ile bug\u00fcn pazartesi g\u00fcn\u00fc itibariyle \u015eam Akademisi\u2019nin \u0130stanbul\u2019daki \u015fubesinde ilkyard\u0131m ve acil durum m\u00fcdahaleleri konusunda ilk e\u011fitim programlar\u0131 ba\u015flam\u0131\u015ft\u0131r. Nitekim bu proje, \u0130nsani \u015eam Derne\u011fi\u2019nin t\u0131p alan\u0131nda y\u00fcr\u00fctt\u00fc\u011f\u00fc \u00f6nemli projelerden biri olarak say\u0131l\u0131r. Akademi, bu proje ile Acil durum m\u00fcdahaleleri ve yard\u0131mlar\u0131n sa\u011flanmas\u0131 i\u00e7in te\u015fekk\u00fcll\u00fc bir sa\u011fl\u0131k sisteminin kurulmas\u0131 ad\u0131na sa\u011flanabilecek t\u0131bbi bak\u0131m d\u00fczeyini en h\u0131zl\u0131 \u015fekilde art\u0131rmay\u0131 hedefliyor.Bu akademi, sponsorlu\u011funu Eid el-Khayriyya Vakf\u0131\u2019ndan ald\u0131\u011f\u0131 gibi Orta Do\u011fu\u2019nun en se\u00e7kin kurumlar\u0131ndan biri olan Hamad T\u0131p Enstit\u00fcs\u00fc\u2019den (Hamad Medical Corporation) uzmanlar\u0131n\u0131n g\u00f6zetiminde varl\u0131\u011f\u0131n\u0131 devam ettiriyor. Ayn\u0131 zamanda bu akademi, uluslar aras\u0131 \u00e7apta uzmanlar ve deneyim sahibi bir ekiple \u00e7al\u0131\u015farak nitelikle e\u011fitim personeli yeti\u015ftirmeyi ama\u00e7lamaktad\u0131r.Akademinin biri T\u00fcrkiye\u2019de \u00f6\u011frencilerin \u00e7al\u0131\u015ft\u0131r\u0131lmas\u0131 ve haz\u0131rlanmas\u0131 i\u00e7in di\u011feri ise Suriye\u2019de yard\u0131m kurulu\u015flar\u0131nda \u00e7al\u0131\u015facak olanlar\u0131n e\u011fitimini hedefleyen kurumlar olmak \u00fczere iki grup olarak \u00e7al\u0131\u015fmalar\u0131na devam etmesi al\u0131nan kararlar d\u00e2hilindedir.Akademinin y\u00fcr\u00fctt\u00fc\u011f\u00fc \u00e7al\u0131\u015fmalar i\u00e7 kadrolar\u0131n bir k\u0131sm\u0131nda var olan tecr\u00fcbesizli\u011fin giderilmesinde rol oynamas\u0131 sebebiyle \u00f6nem ta\u015f\u0131r. \u00d6zellikle de Suriye, gerek direkt hedef alan bombalamalar gerekse g\u00f6\u00e7 etmeleri sebebiyle \u00e7o\u011fu e\u011fitimcisini kaybettikten sonra\u2026 Yakla\u015f\u0131k y\u00fcksek meziyet sahibi yakla\u015f\u0131k 120 \u00f6\u011frencini e\u011fitiminin tamamlanmas\u0131 ve b\u00f6lgede akademik \u015fubelerin art\u0131r\u0131lmas\u0131 planland\u0131. B\u00f6ylece 200 t\u0131bbi m\u00fcdahale ekibi \u00e7al\u0131\u015fan\u0131n\u0131n e\u011fitiminin yap\u0131lmas\u0131n\u0131 hedefliyor. Bu \u015fekilde bozulan sa\u011fl\u0131k ko\u015fullar\u0131n\u0131n ard\u0131ndan 300 binden fazla hasta ve yaral\u0131n\u0131n hayat\u0131n\u0131n kurtar\u0131lmas\u0131 ama\u00e7lan\u0131yor.<\/p>\n<\/div>\n","protected":false},"excerpt":{"rendered":"<p>Suriye\u2019nin merkezinden t\u0131p alan\u0131nda 22 \u00f6\u011frencinin kat\u0131l\u0131m\u0131 ile bug\u00fcn pazartesi g\u00fcn\u00fc itibariyle \u015eam Akademisi\u2019nin \u0130stanbul\u2019daki \u015fubesinde ilkyard\u0131m ve acil durum m\u00fcdahaleleri konusunda ilk e\u011fitim programlar\u0131 ba\u015flam\u0131\u015ft\u0131r. Nitekim bu proje, \u0130nsani \u015eam Derne\u011fi\u2019nin t\u0131p alan\u0131nda y\u00fcr\u00fctt\u00fc\u011f\u00fc \u00f6nemli projelerden biri olarak say\u0131l\u0131r. Akademi, bu proje ile Acil durum m\u00fcdahaleleri ve yard\u0131mlar\u0131n sa\u011flanmas\u0131 i\u00e7in te\u015fekk\u00fcll\u00fc bir sa\u011fl\u0131k sisteminin [&hellip;]<\/p>\n","protected":false},"author":1,"featured_media":7837,"comment_status":"open","ping_status":"closed","sticky":false,"template":"","format":"standard","meta":{"footnotes":""},"categories":[382],"tags":[],"class_list":["post-7840","post","type-post","status-publish","format-standard","has-post-thumbnail","hentry","category-news-tr"],"yoast_head":"<!-- This site is optimized with the Yoast SEO plugin v27.5 - https:\/\/yoast.com\/product\/yoast-seo-wordpress\/ -->\n<title>22\u00f6\u011frencisi ile \u0130nsani \u015eam Derne\u011fi \u0130stanbul\u2019daki ilk \u00e7al\u0131\u015fma program\u0131n\u0131 y\u00fcr\u00fcrl\u00fc\u011fe koyuyor - \u0645\u0624\u0633\u0633\u0629 \u0627\u0644\u0634\u0627\u0645 \u0627\u0644\u0625\u0646\u0633\u0627\u0646\u064a\u0629<\/title>\n<meta name=\"robots\" content=\"index, follow, max-snippet:-1, max-image-preview:large, max-video-preview:-1\" \/>\n<link rel=\"canonical\" href=\"https:\/\/ahf.ngo\/2017\/07\/04\/with-the-participation-of-22-trainees-al-sham-foundation-academy-launches-its-first-training-programs-in-istanbul\/\" \/>\n<meta property=\"og:locale\" content=\"tr_TR\" \/>\n<meta property=\"og:type\" content=\"article\" \/>\n<meta property=\"og:title\" content=\"22\u00f6\u011frencisi ile \u0130nsani \u015eam Derne\u011fi \u0130stanbul\u2019daki ilk \u00e7al\u0131\u015fma program\u0131n\u0131 y\u00fcr\u00fcrl\u00fc\u011fe koyuyor - \u0645\u0624\u0633\u0633\u0629 \u0627\u0644\u0634\u0627\u0645 \u0627\u0644\u0625\u0646\u0633\u0627\u0646\u064a\u0629\" \/>\n<meta property=\"og:description\" content=\"Suriye\u2019nin merkezinden t\u0131p alan\u0131nda 22 \u00f6\u011frencinin kat\u0131l\u0131m\u0131 ile bug\u00fcn pazartesi g\u00fcn\u00fc itibariyle \u015eam Akademisi\u2019nin \u0130stanbul\u2019daki \u015fubesinde ilkyard\u0131m ve acil durum m\u00fcdahaleleri konusunda ilk e\u011fitim programlar\u0131 ba\u015flam\u0131\u015ft\u0131r. Nitekim bu proje, \u0130nsani \u015eam Derne\u011fi\u2019nin t\u0131p alan\u0131nda y\u00fcr\u00fctt\u00fc\u011f\u00fc \u00f6nemli projelerden biri olarak say\u0131l\u0131r. Akademi, bu proje ile Acil durum m\u00fcdahaleleri ve yard\u0131mlar\u0131n sa\u011flanmas\u0131 i\u00e7in te\u015fekk\u00fcll\u00fc bir sa\u011fl\u0131k sisteminin [&hellip;]\" \/>\n<meta property=\"og:url\" content=\"https:\/\/ahf.ngo\/2017\/07\/04\/with-the-participation-of-22-trainees-al-sham-foundation-academy-launches-its-first-training-programs-in-istanbul\/\" \/>\n<meta property=\"og:site_name\" content=\"\u0645\u0624\u0633\u0633\u0629 \u0627\u0644\u0634\u0627\u0645 \u0627\u0644\u0625\u0646\u0633\u0627\u0646\u064a\u0629\" \/>\n<meta property=\"article:published_time\" content=\"2017-07-04T08:20:57+00:00\" \/>\n<meta property=\"article:modified_time\" content=\"2026-03-16T23:02:20+00:00\" \/>\n<meta property=\"og:image\" content=\"https:\/\/ahf.ngo\/wp-content\/uploads\/2017\/07\/3.jpg\" \/>\n\t<meta property=\"og:image:width\" content=\"1260\" \/>\n\t<meta property=\"og:image:height\" content=\"840\" \/>\n\t<meta property=\"og:image:type\" content=\"image\/jpeg\" \/>\n<meta name=\"author\" content=\"admin00\" \/>\n<meta name=\"twitter:card\" content=\"summary_large_image\" \/>\n<meta name=\"twitter:label1\" content=\"Yazan:\" \/>\n\t<meta name=\"twitter:data1\" content=\"admin00\" \/>\n\t<meta name=\"twitter:label2\" content=\"Tahmini okuma s\u00fcresi\" \/>\n\t<meta name=\"twitter:data2\" content=\"2 dakika\" \/>\n<script type=\"application\/ld+json\" class=\"yoast-schema-graph\">{\"@context\":\"https:\\\/\\\/schema.org\",\"@graph\":[{\"@type\":\"Article\",\"@id\":\"https:\\\/\\\/ahf.ngo\\\/2017\\\/07\\\/04\\\/with-the-participation-of-22-trainees-al-sham-foundation-academy-launches-its-first-training-programs-in-istanbul\\\/#article\",\"isPartOf\":{\"@id\":\"https:\\\/\\\/ahf.ngo\\\/2017\\\/07\\\/04\\\/with-the-participation-of-22-trainees-al-sham-foundation-academy-launches-its-first-training-programs-in-istanbul\\\/\"},\"author\":{\"name\":\"admin00\",\"@id\":\"https:\\\/\\\/ahf.ngo\\\/#\\\/schema\\\/person\\\/fc49b4f71307fb651736644e7844ae9b\"},\"headline\":\"22\u00f6\u011frencisi ile \u0130nsani \u015eam Derne\u011fi \u0130stanbul\u2019daki ilk \u00e7al\u0131\u015fma program\u0131n\u0131 y\u00fcr\u00fcrl\u00fc\u011fe koyuyor\",\"datePublished\":\"2017-07-04T08:20:57+00:00\",\"dateModified\":\"2026-03-16T23:02:20+00:00\",\"mainEntityOfPage\":{\"@id\":\"https:\\\/\\\/ahf.ngo\\\/2017\\\/07\\\/04\\\/with-the-participation-of-22-trainees-al-sham-foundation-academy-launches-its-first-training-programs-in-istanbul\\\/\"},\"wordCount\":341,\"commentCount\":0,\"publisher\":{\"@id\":\"https:\\\/\\\/ahf.ngo\\\/#organization\"},\"image\":{\"@id\":\"https:\\\/\\\/ahf.ngo\\\/2017\\\/07\\\/04\\\/with-the-participation-of-22-trainees-al-sham-foundation-academy-launches-its-first-training-programs-in-istanbul\\\/#primaryimage\"},\"thumbnailUrl\":\"https:\\\/\\\/ahf.ngo\\\/wp-content\\\/uploads\\\/2017\\\/07\\\/3.avif\",\"articleSection\":[\"Haberlerimiz\"],\"inLanguage\":\"tr\",\"potentialAction\":[{\"@type\":\"CommentAction\",\"name\":\"Comment\",\"target\":[\"https:\\\/\\\/ahf.ngo\\\/2017\\\/07\\\/04\\\/with-the-participation-of-22-trainees-al-sham-foundation-academy-launches-its-first-training-programs-in-istanbul\\\/#respond\"]}]},{\"@type\":\"WebPage\",\"@id\":\"https:\\\/\\\/ahf.ngo\\\/2017\\\/07\\\/04\\\/with-the-participation-of-22-trainees-al-sham-foundation-academy-launches-its-first-training-programs-in-istanbul\\\/\",\"url\":\"https:\\\/\\\/ahf.ngo\\\/2017\\\/07\\\/04\\\/with-the-participation-of-22-trainees-al-sham-foundation-academy-launches-its-first-training-programs-in-istanbul\\\/\",\"name\":\"22\u00f6\u011frencisi ile \u0130nsani \u015eam Derne\u011fi \u0130stanbul\u2019daki ilk \u00e7al\u0131\u015fma program\u0131n\u0131 y\u00fcr\u00fcrl\u00fc\u011fe koyuyor - \u0645\u0624\u0633\u0633\u0629 \u0627\u0644\u0634\u0627\u0645 \u0627\u0644\u0625\u0646\u0633\u0627\u0646\u064a\u0629\",\"isPartOf\":{\"@id\":\"https:\\\/\\\/ahf.ngo\\\/#website\"},\"primaryImageOfPage\":{\"@id\":\"https:\\\/\\\/ahf.ngo\\\/2017\\\/07\\\/04\\\/with-the-participation-of-22-trainees-al-sham-foundation-academy-launches-its-first-training-programs-in-istanbul\\\/#primaryimage\"},\"image\":{\"@id\":\"https:\\\/\\\/ahf.ngo\\\/2017\\\/07\\\/04\\\/with-the-participation-of-22-trainees-al-sham-foundation-academy-launches-its-first-training-programs-in-istanbul\\\/#primaryimage\"},\"thumbnailUrl\":\"https:\\\/\\\/ahf.ngo\\\/wp-content\\\/uploads\\\/2017\\\/07\\\/3.avif\",\"datePublished\":\"2017-07-04T08:20:57+00:00\",\"dateModified\":\"2026-03-16T23:02:20+00:00\",\"breadcrumb\":{\"@id\":\"https:\\\/\\\/ahf.ngo\\\/2017\\\/07\\\/04\\\/with-the-participation-of-22-trainees-al-sham-foundation-academy-launches-its-first-training-programs-in-istanbul\\\/#breadcrumb\"},\"inLanguage\":\"tr\",\"potentialAction\":[{\"@type\":\"ReadAction\",\"target\":[\"https:\\\/\\\/ahf.ngo\\\/2017\\\/07\\\/04\\\/with-the-participation-of-22-trainees-al-sham-foundation-academy-launches-its-first-training-programs-in-istanbul\\\/\"]}]},{\"@type\":\"ImageObject\",\"inLanguage\":\"tr\",\"@id\":\"https:\\\/\\\/ahf.ngo\\\/2017\\\/07\\\/04\\\/with-the-participation-of-22-trainees-al-sham-foundation-academy-launches-its-first-training-programs-in-istanbul\\\/#primaryimage\",\"url\":\"https:\\\/\\\/ahf.ngo\\\/wp-content\\\/uploads\\\/2017\\\/07\\\/3.avif\",\"contentUrl\":\"https:\\\/\\\/ahf.ngo\\\/wp-content\\\/uploads\\\/2017\\\/07\\\/3.avif\",\"width\":1260,\"height\":840},{\"@type\":\"BreadcrumbList\",\"@id\":\"https:\\\/\\\/ahf.ngo\\\/2017\\\/07\\\/04\\\/with-the-participation-of-22-trainees-al-sham-foundation-academy-launches-its-first-training-programs-in-istanbul\\\/#breadcrumb\",\"itemListElement\":[{\"@type\":\"ListItem\",\"position\":1,\"name\":\"\u0627\u0644\u0631\u0626\u064a\u0633\u064a\u0629\",\"item\":\"https:\\\/\\\/ahf.ngo\\\/\"},{\"@type\":\"ListItem\",\"position\":2,\"name\":\"22\u00f6\u011frencisi ile \u0130nsani \u015eam Derne\u011fi \u0130stanbul\u2019daki ilk \u00e7al\u0131\u015fma program\u0131n\u0131 y\u00fcr\u00fcrl\u00fc\u011fe koyuyor\"}]},{\"@type\":\"WebSite\",\"@id\":\"https:\\\/\\\/ahf.ngo\\\/#website\",\"url\":\"https:\\\/\\\/ahf.ngo\\\/\",\"name\":\"\u0645\u0624\u0633\u0633\u0629 \u0627\u0644\u0634\u0627\u0645 \u0627\u0644\u0625\u0646\u0633\u0627\u0646\u064a\u0629\",\"description\":\"\u0648\u0627\u062d\u062f\u0629 \u0645\u0646 \u0623\u0643\u0628\u0631 \u0627\u0644\u0645\u0624\u0633\u0633\u0627\u062a \u0627\u0644\u0625\u0646\u0633\u0627\u0646\u064a\u0629 \u0627\u0644\u0639\u0627\u0645\u0644\u0629 \u0641\u064a \u0633\u0648\u0631\u064a\u0627\",\"publisher\":{\"@id\":\"https:\\\/\\\/ahf.ngo\\\/#organization\"},\"potentialAction\":[{\"@type\":\"SearchAction\",\"target\":{\"@type\":\"EntryPoint\",\"urlTemplate\":\"https:\\\/\\\/ahf.ngo\\\/?s={search_term_string}\"},\"query-input\":{\"@type\":\"PropertyValueSpecification\",\"valueRequired\":true,\"valueName\":\"search_term_string\"}}],\"inLanguage\":\"tr\"},{\"@type\":\"Organization\",\"@id\":\"https:\\\/\\\/ahf.ngo\\\/#organization\",\"name\":\"\u0645\u0624\u0633\u0633\u0629 \u0627\u0644\u0634\u0627\u0645 \u0627\u0644\u0625\u0646\u0633\u0627\u0646\u064a\u0629\",\"url\":\"https:\\\/\\\/ahf.ngo\\\/\",\"logo\":{\"@type\":\"ImageObject\",\"inLanguage\":\"tr\",\"@id\":\"https:\\\/\\\/ahf.ngo\\\/#\\\/schema\\\/logo\\\/image\\\/\",\"url\":\"https:\\\/\\\/ahf.ngo\\\/wp-content\\\/uploads\\\/2021\\\/06\\\/LOGO.avif\",\"contentUrl\":\"https:\\\/\\\/ahf.ngo\\\/wp-content\\\/uploads\\\/2021\\\/06\\\/LOGO.avif\",\"width\":1413,\"height\":1358,\"caption\":\"\u0645\u0624\u0633\u0633\u0629 \u0627\u0644\u0634\u0627\u0645 \u0627\u0644\u0625\u0646\u0633\u0627\u0646\u064a\u0629\"},\"image\":{\"@id\":\"https:\\\/\\\/ahf.ngo\\\/#\\\/schema\\\/logo\\\/image\\\/\"}},{\"@type\":\"Person\",\"@id\":\"https:\\\/\\\/ahf.ngo\\\/#\\\/schema\\\/person\\\/fc49b4f71307fb651736644e7844ae9b\",\"name\":\"admin00\",\"image\":{\"@type\":\"ImageObject\",\"inLanguage\":\"tr\",\"@id\":\"https:\\\/\\\/secure.gravatar.com\\\/avatar\\\/6297f56db236ac5f312814c450ffefd5b947937b168cc57168f92a9d54b8ed76?s=96&d=mm&r=g\",\"url\":\"https:\\\/\\\/secure.gravatar.com\\\/avatar\\\/6297f56db236ac5f312814c450ffefd5b947937b168cc57168f92a9d54b8ed76?s=96&d=mm&r=g\",\"contentUrl\":\"https:\\\/\\\/secure.gravatar.com\\\/avatar\\\/6297f56db236ac5f312814c450ffefd5b947937b168cc57168f92a9d54b8ed76?s=96&d=mm&r=g\",\"caption\":\"admin00\"},\"url\":\"https:\\\/\\\/ahf.ngo\\\/tr\\\/author\\\/admin00\\\/\"}]}<\/script>\n<!-- \/ Yoast SEO plugin. -->","yoast_head_json":{"title":"22\u00f6\u011frencisi ile \u0130nsani \u015eam Derne\u011fi \u0130stanbul\u2019daki ilk \u00e7al\u0131\u015fma program\u0131n\u0131 y\u00fcr\u00fcrl\u00fc\u011fe koyuyor - \u0645\u0624\u0633\u0633\u0629 \u0627\u0644\u0634\u0627\u0645 \u0627\u0644\u0625\u0646\u0633\u0627\u0646\u064a\u0629","robots":{"index":"index","follow":"follow","max-snippet":"max-snippet:-1","max-image-preview":"max-image-preview:large","max-video-preview":"max-video-preview:-1"},"canonical":"https:\/\/ahf.ngo\/2017\/07\/04\/with-the-participation-of-22-trainees-al-sham-foundation-academy-launches-its-first-training-programs-in-istanbul\/","og_locale":"tr_TR","og_type":"article","og_title":"22\u00f6\u011frencisi ile \u0130nsani \u015eam Derne\u011fi \u0130stanbul\u2019daki ilk \u00e7al\u0131\u015fma program\u0131n\u0131 y\u00fcr\u00fcrl\u00fc\u011fe koyuyor - \u0645\u0624\u0633\u0633\u0629 \u0627\u0644\u0634\u0627\u0645 \u0627\u0644\u0625\u0646\u0633\u0627\u0646\u064a\u0629","og_description":"Suriye\u2019nin merkezinden t\u0131p alan\u0131nda 22 \u00f6\u011frencinin kat\u0131l\u0131m\u0131 ile bug\u00fcn pazartesi g\u00fcn\u00fc itibariyle \u015eam Akademisi\u2019nin \u0130stanbul\u2019daki \u015fubesinde ilkyard\u0131m ve acil durum m\u00fcdahaleleri konusunda ilk e\u011fitim programlar\u0131 ba\u015flam\u0131\u015ft\u0131r. Nitekim bu proje, \u0130nsani \u015eam Derne\u011fi\u2019nin t\u0131p alan\u0131nda y\u00fcr\u00fctt\u00fc\u011f\u00fc \u00f6nemli projelerden biri olarak say\u0131l\u0131r. Akademi, bu proje ile Acil durum m\u00fcdahaleleri ve yard\u0131mlar\u0131n sa\u011flanmas\u0131 i\u00e7in te\u015fekk\u00fcll\u00fc bir sa\u011fl\u0131k sisteminin [&hellip;]","og_url":"https:\/\/ahf.ngo\/2017\/07\/04\/with-the-participation-of-22-trainees-al-sham-foundation-academy-launches-its-first-training-programs-in-istanbul\/","og_site_name":"\u0645\u0624\u0633\u0633\u0629 \u0627\u0644\u0634\u0627\u0645 \u0627\u0644\u0625\u0646\u0633\u0627\u0646\u064a\u0629","article_published_time":"2017-07-04T08:20:57+00:00","article_modified_time":"2026-03-16T23:02:20+00:00","og_image":[{"width":1260,"height":840,"url":"https:\/\/ahf.ngo\/wp-content\/uploads\/2017\/07\/3.jpg","type":"image\/jpeg"}],"author":"admin00","twitter_card":"summary_large_image","twitter_misc":{"Yazan:":"admin00","Tahmini okuma s\u00fcresi":"2 dakika"},"schema":{"@context":"https:\/\/schema.org","@graph":[{"@type":"Article","@id":"https:\/\/ahf.ngo\/2017\/07\/04\/with-the-participation-of-22-trainees-al-sham-foundation-academy-launches-its-first-training-programs-in-istanbul\/#article","isPartOf":{"@id":"https:\/\/ahf.ngo\/2017\/07\/04\/with-the-participation-of-22-trainees-al-sham-foundation-academy-launches-its-first-training-programs-in-istanbul\/"},"author":{"name":"admin00","@id":"https:\/\/ahf.ngo\/#\/schema\/person\/fc49b4f71307fb651736644e7844ae9b"},"headline":"22\u00f6\u011frencisi ile \u0130nsani \u015eam Derne\u011fi \u0130stanbul\u2019daki ilk \u00e7al\u0131\u015fma program\u0131n\u0131 y\u00fcr\u00fcrl\u00fc\u011fe koyuyor","datePublished":"2017-07-04T08:20:57+00:00","dateModified":"2026-03-16T23:02:20+00:00","mainEntityOfPage":{"@id":"https:\/\/ahf.ngo\/2017\/07\/04\/with-the-participation-of-22-trainees-al-sham-foundation-academy-launches-its-first-training-programs-in-istanbul\/"},"wordCount":341,"commentCount":0,"publisher":{"@id":"https:\/\/ahf.ngo\/#organization"},"image":{"@id":"https:\/\/ahf.ngo\/2017\/07\/04\/with-the-participation-of-22-trainees-al-sham-foundation-academy-launches-its-first-training-programs-in-istanbul\/#primaryimage"},"thumbnailUrl":"https:\/\/ahf.ngo\/wp-content\/uploads\/2017\/07\/3.avif","articleSection":["Haberlerimiz"],"inLanguage":"tr","potentialAction":[{"@type":"CommentAction","name":"Comment","target":["https:\/\/ahf.ngo\/2017\/07\/04\/with-the-participation-of-22-trainees-al-sham-foundation-academy-launches-its-first-training-programs-in-istanbul\/#respond"]}]},{"@type":"WebPage","@id":"https:\/\/ahf.ngo\/2017\/07\/04\/with-the-participation-of-22-trainees-al-sham-foundation-academy-launches-its-first-training-programs-in-istanbul\/","url":"https:\/\/ahf.ngo\/2017\/07\/04\/with-the-participation-of-22-trainees-al-sham-foundation-academy-launches-its-first-training-programs-in-istanbul\/","name":"22\u00f6\u011frencisi ile \u0130nsani \u015eam Derne\u011fi \u0130stanbul\u2019daki ilk \u00e7al\u0131\u015fma program\u0131n\u0131 y\u00fcr\u00fcrl\u00fc\u011fe koyuyor - \u0645\u0624\u0633\u0633\u0629 \u0627\u0644\u0634\u0627\u0645 \u0627\u0644\u0625\u0646\u0633\u0627\u0646\u064a\u0629","isPartOf":{"@id":"https:\/\/ahf.ngo\/#website"},"primaryImageOfPage":{"@id":"https:\/\/ahf.ngo\/2017\/07\/04\/with-the-participation-of-22-trainees-al-sham-foundation-academy-launches-its-first-training-programs-in-istanbul\/#primaryimage"},"image":{"@id":"https:\/\/ahf.ngo\/2017\/07\/04\/with-the-participation-of-22-trainees-al-sham-foundation-academy-launches-its-first-training-programs-in-istanbul\/#primaryimage"},"thumbnailUrl":"https:\/\/ahf.ngo\/wp-content\/uploads\/2017\/07\/3.avif","datePublished":"2017-07-04T08:20:57+00:00","dateModified":"2026-03-16T23:02:20+00:00","breadcrumb":{"@id":"https:\/\/ahf.ngo\/2017\/07\/04\/with-the-participation-of-22-trainees-al-sham-foundation-academy-launches-its-first-training-programs-in-istanbul\/#breadcrumb"},"inLanguage":"tr","potentialAction":[{"@type":"ReadAction","target":["https:\/\/ahf.ngo\/2017\/07\/04\/with-the-participation-of-22-trainees-al-sham-foundation-academy-launches-its-first-training-programs-in-istanbul\/"]}]},{"@type":"ImageObject","inLanguage":"tr","@id":"https:\/\/ahf.ngo\/2017\/07\/04\/with-the-participation-of-22-trainees-al-sham-foundation-academy-launches-its-first-training-programs-in-istanbul\/#primaryimage","url":"https:\/\/ahf.ngo\/wp-content\/uploads\/2017\/07\/3.avif","contentUrl":"https:\/\/ahf.ngo\/wp-content\/uploads\/2017\/07\/3.avif","width":1260,"height":840},{"@type":"BreadcrumbList","@id":"https:\/\/ahf.ngo\/2017\/07\/04\/with-the-participation-of-22-trainees-al-sham-foundation-academy-launches-its-first-training-programs-in-istanbul\/#breadcrumb","itemListElement":[{"@type":"ListItem","position":1,"name":"\u0627\u0644\u0631\u0626\u064a\u0633\u064a\u0629","item":"https:\/\/ahf.ngo\/"},{"@type":"ListItem","position":2,"name":"22\u00f6\u011frencisi ile \u0130nsani \u015eam Derne\u011fi \u0130stanbul\u2019daki ilk \u00e7al\u0131\u015fma program\u0131n\u0131 y\u00fcr\u00fcrl\u00fc\u011fe koyuyor"}]},{"@type":"WebSite","@id":"https:\/\/ahf.ngo\/#website","url":"https:\/\/ahf.ngo\/","name":"\u0645\u0624\u0633\u0633\u0629 \u0627\u0644\u0634\u0627\u0645 \u0627\u0644\u0625\u0646\u0633\u0627\u0646\u064a\u0629","description":"\u0648\u0627\u062d\u062f\u0629 \u0645\u0646 \u0623\u0643\u0628\u0631 \u0627\u0644\u0645\u0624\u0633\u0633\u0627\u062a \u0627\u0644\u0625\u0646\u0633\u0627\u0646\u064a\u0629 \u0627\u0644\u0639\u0627\u0645\u0644\u0629 \u0641\u064a \u0633\u0648\u0631\u064a\u0627","publisher":{"@id":"https:\/\/ahf.ngo\/#organization"},"potentialAction":[{"@type":"SearchAction","target":{"@type":"EntryPoint","urlTemplate":"https:\/\/ahf.ngo\/?s={search_term_string}"},"query-input":{"@type":"PropertyValueSpecification","valueRequired":true,"valueName":"search_term_string"}}],"inLanguage":"tr"},{"@type":"Organization","@id":"https:\/\/ahf.ngo\/#organization","name":"\u0645\u0624\u0633\u0633\u0629 \u0627\u0644\u0634\u0627\u0645 \u0627\u0644\u0625\u0646\u0633\u0627\u0646\u064a\u0629","url":"https:\/\/ahf.ngo\/","logo":{"@type":"ImageObject","inLanguage":"tr","@id":"https:\/\/ahf.ngo\/#\/schema\/logo\/image\/","url":"https:\/\/ahf.ngo\/wp-content\/uploads\/2021\/06\/LOGO.avif","contentUrl":"https:\/\/ahf.ngo\/wp-content\/uploads\/2021\/06\/LOGO.avif","width":1413,"height":1358,"caption":"\u0645\u0624\u0633\u0633\u0629 \u0627\u0644\u0634\u0627\u0645 \u0627\u0644\u0625\u0646\u0633\u0627\u0646\u064a\u0629"},"image":{"@id":"https:\/\/ahf.ngo\/#\/schema\/logo\/image\/"}},{"@type":"Person","@id":"https:\/\/ahf.ngo\/#\/schema\/person\/fc49b4f71307fb651736644e7844ae9b","name":"admin00","image":{"@type":"ImageObject","inLanguage":"tr","@id":"https:\/\/secure.gravatar.com\/avatar\/6297f56db236ac5f312814c450ffefd5b947937b168cc57168f92a9d54b8ed76?s=96&d=mm&r=g","url":"https:\/\/secure.gravatar.com\/avatar\/6297f56db236ac5f312814c450ffefd5b947937b168cc57168f92a9d54b8ed76?s=96&d=mm&r=g","contentUrl":"https:\/\/secure.gravatar.com\/avatar\/6297f56db236ac5f312814c450ffefd5b947937b168cc57168f92a9d54b8ed76?s=96&d=mm&r=g","caption":"admin00"},"url":"https:\/\/ahf.ngo\/tr\/author\/admin00\/"}]}},"_links":{"self":[{"href":"https:\/\/ahf.ngo\/tr\/wp-json\/wp\/v2\/posts\/7840","targetHints":{"allow":["GET"]}}],"collection":[{"href":"https:\/\/ahf.ngo\/tr\/wp-json\/wp\/v2\/posts"}],"about":[{"href":"https:\/\/ahf.ngo\/tr\/wp-json\/wp\/v2\/types\/post"}],"author":[{"embeddable":true,"href":"https:\/\/ahf.ngo\/tr\/wp-json\/wp\/v2\/users\/1"}],"replies":[{"embeddable":true,"href":"https:\/\/ahf.ngo\/tr\/wp-json\/wp\/v2\/comments?post=7840"}],"version-history":[{"count":3,"href":"https:\/\/ahf.ngo\/tr\/wp-json\/wp\/v2\/posts\/7840\/revisions"}],"predecessor-version":[{"id":38698,"href":"https:\/\/ahf.ngo\/tr\/wp-json\/wp\/v2\/posts\/7840\/revisions\/38698"}],"wp:featuredmedia":[{"embeddable":true,"href":"https:\/\/ahf.ngo\/tr\/wp-json\/wp\/v2\/media\/7837"}],"wp:attachment":[{"href":"https:\/\/ahf.ngo\/tr\/wp-json\/wp\/v2\/media?parent=7840"}],"wp:term":[{"taxonomy":"category","embeddable":true,"href":"https:\/\/ahf.ngo\/tr\/wp-json\/wp\/v2\/categories?post=7840"},{"taxonomy":"post_tag","embeddable":true,"href":"https:\/\/ahf.ngo\/tr\/wp-json\/wp\/v2\/tags?post=7840"}],"curies":[{"name":"wp","href":"https:\/\/api.w.org\/{rel}","templated":true}]}}